{"id":22264,"date":"2026-02-18T19:54:04","date_gmt":"2026-02-18T18:54:04","guid":{"rendered":"https:\/\/sk-druzba-bukovany.cz\/www\/?p=22264"},"modified":"2026-02-18T19:54:06","modified_gmt":"2026-02-18T18:54:06","slug":"22264-2","status":"publish","type":"post","link":"https:\/\/sk-druzba-bukovany.cz\/www\/22264-2\/","title":{"rendered":""},"content":{"rendered":"\n<p><strong>Seznam kulturn\u00edch akc\u00ed v roce 2026<\/strong><\/p>\n\n\n\n<p>Poj\u010fte se mrknout, co se pro n\u00e1s op\u011bt p\u0159ipravilo a na co se m\u016f\u017eeme v Bukovanech zase t\u011b\u0161it.<\/p>\n\n\n\n<p>Ka\u017ed\u00fd si ur\u010dit\u011b najde akci, kter\u00e9 se r\u00e1d z\u00fa\u010dastn\u00ed a u\u017eije si ji.<\/p>\n\n\n\n<p>T\u011b\u0161\u00ed se na v\u00e1s \u010dlenov\u00e9 osadn\u00edho v\u00fdboru a SK Dru\u017eby, kte\u0159\u00ed akce zaji\u0161\u0165uj\u00ed.<\/p>\n","protected":false},"excerpt":{"rendered":"<p>Seznam kulturn\u00edch akc\u00ed v roce 2026 Poj\u010fte se mrknout, co se pro n\u00e1s op\u011bt p\u0159ipravilo a na co se m\u016f\u017eeme v Bukovanech zase t\u011b\u0161it. Ka\u017ed\u00fd si ur\u010dit\u011b najde akci, kter\u00e9 se r\u00e1d z\u00fa\u010dastn\u00ed a u\u017eije si ji. T\u011b\u0161\u00ed se na v\u00e1s \u010dlenov\u00e9 osadn\u00edho v\u00fdboru a SK Dru\u017eby, kte\u0159\u00ed akce zaji\u0161\u0165uj\u00ed.<\/p>\n","protected":false},"author":2,"featured_media":22262,"comment_status":"closed","ping_status":"open","sticky":false,"template":"","format":"standard","meta":{"footnotes":""},"categories":[152,1],"tags":[],"class_list":["post-22264","post","type-post","status-publish","format-standard","has-post-thumbnail","hentry","category-kultura","category-nezarazene"],"_links":{"self":[{"href":"https:\/\/sk-druzba-bukovany.cz\/www\/wp-json\/wp\/v2\/posts\/22264","targetHints":{"allow":["GET"]}}],"collection":[{"href":"https:\/\/sk-druzba-bukovany.cz\/www\/wp-json\/wp\/v2\/posts"}],"about":[{"href":"https:\/\/sk-druzba-bukovany.cz\/www\/wp-json\/wp\/v2\/types\/post"}],"author":[{"embeddable":true,"href":"https:\/\/sk-druzba-bukovany.cz\/www\/wp-json\/wp\/v2\/users\/2"}],"replies":[{"embeddable":true,"href":"https:\/\/sk-druzba-bukovany.cz\/www\/wp-json\/wp\/v2\/comments?post=22264"}],"version-history":[{"count":4,"href":"https:\/\/sk-druzba-bukovany.cz\/www\/wp-json\/wp\/v2\/posts\/22264\/revisions"}],"predecessor-version":[{"id":22268,"href":"https:\/\/sk-druzba-bukovany.cz\/www\/wp-json\/wp\/v2\/posts\/22264\/revisions\/22268"}],"wp:featuredmedia":[{"embeddable":true,"href":"https:\/\/sk-druzba-bukovany.cz\/www\/wp-json\/wp\/v2\/media\/22262"}],"wp:attachment":[{"href":"https:\/\/sk-druzba-bukovany.cz\/www\/wp-json\/wp\/v2\/media?parent=22264"}],"wp:term":[{"taxonomy":"category","embeddable":true,"href":"https:\/\/sk-druzba-bukovany.cz\/www\/wp-json\/wp\/v2\/categories?post=22264"},{"taxonomy":"post_tag","embeddable":true,"href":"https:\/\/sk-druzba-bukovany.cz\/www\/wp-json\/wp\/v2\/tags?post=22264"}],"curies":[{"name":"wp","href":"https:\/\/api.w.org\/{rel}","templated":true}]}}